{"id":10407,"date":"2026-01-22T19:17:48","date_gmt":"2026-01-22T19:17:48","guid":{"rendered":"https:\/\/lereveil224.info\/?p=10407"},"modified":"2026-01-22T19:17:49","modified_gmt":"2026-01-22T19:17:49","slug":"guinee-mamadi-doumbouya-accepte-la-demission-du-gouvernement","status":"publish","type":"post","link":"https:\/\/lereveil224.info\/index.php\/2026\/01\/22\/guinee-mamadi-doumbouya-accepte-la-demission-du-gouvernement\/","title":{"rendered":"Guin\u00e9e : Mamadi Doumbouya accepte la d\u00e9mission du gouvernement"},"content":{"rendered":"\n<p>Le Pr\u00e9sident de la R\u00e9publique, le G\u00e9n\u00e9ral Mamadi Doumbouya, a officiellement accept\u00e9 ce jeudi 22 janvier 2026 la d\u00e9mission du Gouvernement que lui a pr\u00e9sent\u00e9e le Premier ministre, Amadou Oury Bah. L\u2019information a \u00e9t\u00e9 rendue publique dans la soir\u00e9e \u00e0 travers un communiqu\u00e9 de la Pr\u00e9sidence, confirmant une \u00e9tape institutionnelle majeure dans la vie politique du pays.<\/p>\n\n\n\n<p>Selon la m\u00eame source, le Chef de l\u2019\u00c9tat a indiqu\u00e9 que cette d\u00e9mission intervient conform\u00e9ment aux usages r\u00e9publicains et vise \u00e0 \u00ab marquer un nouveau d\u00e9part apr\u00e8s l\u2019\u00e9lection pr\u00e9sidentielle du 28 d\u00e9cembre 2025 \u00bb. Une d\u00e9claration qui souligne la volont\u00e9 des autorit\u00e9s de s\u2019inscrire dans une dynamique de continuit\u00e9 constitutionnelle \u00e0 l\u2019issue du scrutin pr\u00e9sidentiel, tout en pr\u00e9parant la mise en place d\u2019une nouvelle \u00e9quipe gouvernementale.<\/p>\n\n\n\n<p>Dans la foul\u00e9e, le Pr\u00e9sident Mamadi Doumbouya a annonc\u00e9 la signature, le m\u00eame jour, de deux d\u00e9crets importants. Le premier met fin aux fonctions du Premier ministre, Chef du Gouvernement, ainsi qu\u2019\u00e0 celles de l\u2019ensemble des membres du Gouvernement. Cet acte consacre officiellement la dissolution de l\u2019\u00e9quipe gouvernementale sortante dirig\u00e9e par Amadou Oury Bah.<\/p>\n\n\n\n<p>Le second d\u00e9cret concerne la gestion des affaires courantes. Il charge le Ministre Directeur de Cabinet de la Primature, le Directeur de Cabinet du Minist\u00e8re de la D\u00e9fense nationale, ainsi que les Secr\u00e9taires g\u00e9n\u00e9raux et Secr\u00e9taires g\u00e9n\u00e9raux adjoints des minist\u00e8res, du Gouvernement et des Affaires religieuses, d\u2019assurer la continuit\u00e9 de l\u2019action publique jusqu\u2019\u00e0 la nomination d\u2019un nouveau Gouvernement.<\/p>\n\n\n\n<p>Cette s\u00e9quence politique marque une phase de transition institutionnelle, sans rupture, dans le respect de la Constitution. Elle intervient dans un contexte o\u00f9 les attentes des populations restent fortes, notamment sur les questions de gouvernance, de d\u00e9veloppement \u00e9conomique, de coh\u00e9sion sociale et de r\u00e9formes structurelles.<\/p>\n\n\n\n<p>La d\u00e9mission du Gouvernement ne traduit donc pas une crise politique, mais plut\u00f4t une \u00e9tape normale dans le fonctionnement des institutions apr\u00e8s une \u00e9lection pr\u00e9sidentielle. Elle ouvre la voie \u00e0 la formation d\u2019un nouvel ex\u00e9cutif, appel\u00e9 \u00e0 mettre en \u0153uvre la vision du Chef de l\u2019\u00c9tat pour les ann\u00e9es \u00e0 venir.<\/p>\n\n\n\n<p>D\u00e9sormais, l\u2019attention se porte sur la nomination du futur Premier ministre et la composition du prochain Gouvernement, des d\u00e9cisions attendues dans les prochains jours et qui donneront une indication claire des priorit\u00e9s du nouveau mandat pr\u00e9sidentiel.<\/p>\n\n\n\n<p><strong>Mamadouba CAMARA pour lereveil224.info<\/strong><\/p>\n","protected":false},"excerpt":{"rendered":"<p>Le Pr\u00e9sident de la R\u00e9publique, le G\u00e9n\u00e9ral Mamadi Doumbouya, a officiellement accept\u00e9 ce jeudi 22 janvier 2026 la d\u00e9mission du Gouvernement que lui a pr\u00e9sent\u00e9e le Premier ministre, Amadou Oury Bah. L\u2019information a \u00e9t\u00e9 rendue publique dans la soir\u00e9e \u00e0 travers un communiqu\u00e9 de la Pr\u00e9sidence, confirmant une \u00e9tape institutionnelle majeure dans la vie politique [&hellip;]<\/p>\n","protected":false},"author":123458,"featured_media":10409,"comment_status":"open","ping_status":"open","sticky":false,"template":"","format":"standard","meta":{"_acf_changed":false,"footnotes":""},"categories":[11,59,2],"tags":[],"class_list":["post-10407","post","type-post","status-publish","format-standard","has-post-thumbnail","hentry","category-actualite","category-nationale","category-politique"],"acf":[],"_links":{"self":[{"href":"https:\/\/lereveil224.info\/index.php\/wp-json\/wp\/v2\/posts\/10407","targetHints":{"allow":["GET"]}}],"collection":[{"href":"https:\/\/lereveil224.info\/index.php\/wp-json\/wp\/v2\/posts"}],"about":[{"href":"https:\/\/lereveil224.info\/index.php\/wp-json\/wp\/v2\/types\/post"}],"author":[{"embeddable":true,"href":"https:\/\/lereveil224.info\/index.php\/wp-json\/wp\/v2\/users\/123458"}],"replies":[{"embeddable":true,"href":"https:\/\/lereveil224.info\/index.php\/wp-json\/wp\/v2\/comments?post=10407"}],"version-history":[{"count":2,"href":"https:\/\/lereveil224.info\/index.php\/wp-json\/wp\/v2\/posts\/10407\/revisions"}],"predecessor-version":[{"id":10410,"href":"https:\/\/lereveil224.info\/index.php\/wp-json\/wp\/v2\/posts\/10407\/revisions\/10410"}],"wp:featuredmedia":[{"embeddable":true,"href":"https:\/\/lereveil224.info\/index.php\/wp-json\/wp\/v2\/media\/10409"}],"wp:attachment":[{"href":"https:\/\/lereveil224.info\/index.php\/wp-json\/wp\/v2\/media?parent=10407"}],"wp:term":[{"taxonomy":"category","embeddable":true,"href":"https:\/\/lereveil224.info\/index.php\/wp-json\/wp\/v2\/categories?post=10407"},{"taxonomy":"post_tag","embeddable":true,"href":"https:\/\/lereveil224.info\/index.php\/wp-json\/wp\/v2\/tags?post=10407"}],"curies":[{"name":"wp","href":"https:\/\/api.w.org\/{rel}","templated":true}]}}