{"id":10404,"date":"2026-01-22T18:44:36","date_gmt":"2026-01-22T18:44:36","guid":{"rendered":"https:\/\/lereveil224.info\/?p=10404"},"modified":"2026-01-22T18:44:38","modified_gmt":"2026-01-22T18:44:38","slug":"urgent-demission-du-gouvernement-damadou-oury-bah","status":"publish","type":"post","link":"https:\/\/lereveil224.info\/index.php\/2026\/01\/22\/urgent-demission-du-gouvernement-damadou-oury-bah\/","title":{"rendered":"Urgent \u2013 D\u00e9mission du gouvernement d&rsquo;Amadou Oury Bah"},"content":{"rendered":"\n<p>Selon des sources fiables, le gouvernement dirig\u00e9 par le Premier ministre Amadou Oury Bah a pr\u00e9sent\u00e9 sa d\u00e9mission ce jeudi 22 janvier 2026, \u00e0 l\u2019issue du conseil des ministres. Cette d\u00e9cision intervient dans un contexte particulier, marqu\u00e9 par l\u2019ouverture du nouveau mandat pr\u00e9sidentiel du pr\u00e9sident Mamadi Doumbouya, donnant \u00e0 cet \u00e9v\u00e9nement une port\u00e9e politique encore plus significative.<\/p>\n\n\n\n<p>Arriv\u00e9e \u00e0 la t\u00eate de l\u2019ex\u00e9cutif dans une p\u00e9riode de fortes attentes nationales, l\u2019\u00e9quipe gouvernementale d\u2019Amadou Oury Bah avait pour mission de stabiliser le pays, d\u2019apaiser le climat social et de conduire les r\u00e9formes institutionnelles engag\u00e9es durant la transition. La fin de ce chapitre co\u00efncide d\u00e9sormais avec le d\u00e9but d\u2019un nouveau cycle pr\u00e9sidentiel, laissant penser \u00e0 une volont\u00e9 de r\u00e9organisation de l\u2019action gouvernementale afin de l\u2019aligner sur les priorit\u00e9s du nouveau mandat.<\/p>\n\n\n\n<p><strong>Mamadouba CAMARA pour lereveil224.info<\/strong><\/p>\n","protected":false},"excerpt":{"rendered":"<p>Selon des sources fiables, le gouvernement dirig\u00e9 par le Premier ministre Amadou Oury Bah a pr\u00e9sent\u00e9 sa d\u00e9mission ce jeudi 22 janvier 2026, \u00e0 l\u2019issue du conseil des ministres. Cette d\u00e9cision intervient dans un contexte particulier, marqu\u00e9 par l\u2019ouverture du nouveau mandat pr\u00e9sidentiel du pr\u00e9sident Mamadi Doumbouya, donnant \u00e0 cet \u00e9v\u00e9nement une port\u00e9e politique encore [&hellip;]<\/p>\n","protected":false},"author":123458,"featured_media":10406,"comment_status":"open","ping_status":"open","sticky":false,"template":"","format":"standard","meta":{"_acf_changed":false,"footnotes":""},"categories":[11,59,2],"tags":[],"class_list":["post-10404","post","type-post","status-publish","format-standard","has-post-thumbnail","hentry","category-actualite","category-nationale","category-politique"],"acf":[],"_links":{"self":[{"href":"https:\/\/lereveil224.info\/index.php\/wp-json\/wp\/v2\/posts\/10404","targetHints":{"allow":["GET"]}}],"collection":[{"href":"https:\/\/lereveil224.info\/index.php\/wp-json\/wp\/v2\/posts"}],"about":[{"href":"https:\/\/lereveil224.info\/index.php\/wp-json\/wp\/v2\/types\/post"}],"author":[{"embeddable":true,"href":"https:\/\/lereveil224.info\/index.php\/wp-json\/wp\/v2\/users\/123458"}],"replies":[{"embeddable":true,"href":"https:\/\/lereveil224.info\/index.php\/wp-json\/wp\/v2\/comments?post=10404"}],"version-history":[{"count":1,"href":"https:\/\/lereveil224.info\/index.php\/wp-json\/wp\/v2\/posts\/10404\/revisions"}],"predecessor-version":[{"id":10405,"href":"https:\/\/lereveil224.info\/index.php\/wp-json\/wp\/v2\/posts\/10404\/revisions\/10405"}],"wp:featuredmedia":[{"embeddable":true,"href":"https:\/\/lereveil224.info\/index.php\/wp-json\/wp\/v2\/media\/10406"}],"wp:attachment":[{"href":"https:\/\/lereveil224.info\/index.php\/wp-json\/wp\/v2\/media?parent=10404"}],"wp:term":[{"taxonomy":"category","embeddable":true,"href":"https:\/\/lereveil224.info\/index.php\/wp-json\/wp\/v2\/categories?post=10404"},{"taxonomy":"post_tag","embeddable":true,"href":"https:\/\/lereveil224.info\/index.php\/wp-json\/wp\/v2\/tags?post=10404"}],"curies":[{"name":"wp","href":"https:\/\/api.w.org\/{rel}","templated":true}]}}