{"id":10398,"date":"2026-01-21T20:32:47","date_gmt":"2026-01-21T20:32:47","guid":{"rendered":"https:\/\/lereveil224.info\/?p=10398"},"modified":"2026-01-21T20:32:49","modified_gmt":"2026-01-21T20:32:49","slug":"guinee-bissau-le-compte-a-rebours-est-lance-vers-des-elections-decisives-sans-la-junte","status":"publish","type":"post","link":"https:\/\/lereveil224.info\/index.php\/2026\/01\/21\/guinee-bissau-le-compte-a-rebours-est-lance-vers-des-elections-decisives-sans-la-junte\/","title":{"rendered":"Guin\u00e9e-Bissau : le compte \u00e0 rebours est lanc\u00e9 vers des \u00e9lections d\u00e9cisives sans la junte"},"content":{"rendered":"\n<p>La Guin\u00e9e-Bissau s\u2019engage officiellement sur le chemin du retour \u00e0 l\u2019ordre constitutionnel. Le chef de la junte au pouvoir, le g\u00e9n\u00e9ral Horta N\u2019Tam, a fix\u00e9 au 6 d\u00e9cembre prochain la date des \u00e9lections pr\u00e9sidentielle et l\u00e9gislatives, cens\u00e9es marquer la fin de la transition militaire et la restitution du pouvoir aux civils. L\u2019annonce a \u00e9t\u00e9 faite \u00e0 travers un d\u00e9cret lu devant les m\u00e9dias le mercredi 21 janvier, un signal fort dans un pays habitu\u00e9 aux turbulences politiques et aux ruptures institutionnelles r\u00e9p\u00e9t\u00e9es.<\/p>\n\n\n\n<p>Selon le texte officiel, \u00ab toutes les conditions pour l\u2019organisation des \u00e9lections libres, justes et transparentes sont r\u00e9unies \u00bb. Une d\u00e9claration qui se veut rassurante, tant pour l\u2019opinion nationale que pour la communaut\u00e9 internationale, souvent critique \u00e0 l\u2019\u00e9gard des transitions militaires en Afrique de l\u2019Ouest. Depuis le coup de force ayant conduit \u00e0 la prise du pouvoir par les militaires, la Guin\u00e9e-Bissau est sous \u00e9troite surveillance diplomatique, notamment de la CEDEAO et de l\u2019Union africaine, qui exigent un calendrier clair et cr\u00e9dible de retour \u00e0 la l\u00e9galit\u00e9 constitutionnelle.<\/p>\n\n\n\n<p>L\u2019\u00e9l\u00e9ment le plus marquant de ce processus reste toutefois l\u2019exclusion du chef de la junte lui-m\u00eame de la comp\u00e9tition \u00e9lectorale. La charte de la transition, publi\u00e9e d\u00e9but d\u00e9cembre par les putschistes, interdit explicitement aux membres de la junte de se pr\u00e9senter aux \u00e9lections pr\u00e9vues. Ce document, qui sert de cadre juridique durant la p\u00e9riode transitoire d\u2019une dur\u00e9e d\u2019un an, entend \u00e9viter toute confiscation du pouvoir par les militaires et r\u00e9pondre aux critiques formul\u00e9es \u00e0 l\u2019encontre de transitions pr\u00e9c\u00e9dentes sur le continent, o\u00f9 les chefs de coups d\u2019\u00c9tat se sont souvent recycl\u00e9s en candidats civils.<\/p>\n\n\n\n<p>Cette annonce ouvre une nouvelle phase politique dans un pays fragilis\u00e9 par des d\u00e9cennies d\u2019instabilit\u00e9, de coups d\u2019\u00c9tat et de tensions entre civils et militaires. Pour une large partie de la population bissau-guin\u00e9enne, ces \u00e9lections repr\u00e9sentent un espoir, mais aussi une source de prudence. Beaucoup attendent de voir si les engagements pris par la junte se traduiront concr\u00e8tement par des actes, notamment en mati\u00e8re de libert\u00e9s publiques, d\u2019\u00e9quit\u00e9 \u00e9lectorale et de neutralit\u00e9 de l\u2019appareil s\u00e9curitaire.<\/p>\n\n\n\n<p>Sur le plan r\u00e9gional, la d\u00e9cision du g\u00e9n\u00e9ral Horta N\u2019Tam est scrut\u00e9e de pr\u00e8s. La Guin\u00e9e-Bissau pourrait devenir un cas d\u2019\u00e9cole, dans un contexte ouest-africain marqu\u00e9 par la multiplication des r\u00e9gimes de transition issus de coups d\u2019\u00c9tat. Si le processus \u00e9lectoral se d\u00e9roule comme annonc\u00e9, sans interf\u00e9rence militaire et dans la transparence, il pourrait redonner une certaine cr\u00e9dibilit\u00e9 aux promesses de transition formul\u00e9es par les juntes de la r\u00e9gion.<\/p>\n\n\n\n<p>Cependant, de nombreux d\u00e9fis demeurent. L\u2019organisation technique du scrutin, la s\u00e9curisation du processus, la confiance des acteurs politiques et la participation massive des \u00e9lecteurs seront d\u00e9terminantes pour la r\u00e9ussite de cette \u00e9tape cruciale. La communaut\u00e9 internationale, tout comme la soci\u00e9t\u00e9 civile bissau-guin\u00e9enne, attend d\u00e9sormais des actes concrets, au-del\u00e0 des d\u00e9clarations officielles.<\/p>\n\n\n\n<p>\u00c0 onze mois de l\u2019\u00e9ch\u00e9ance, la Guin\u00e9e-Bissau se trouve donc \u00e0 un tournant de son histoire politique. Le 6 d\u00e9cembre ne sera pas seulement une date \u00e9lectorale, mais un test grandeur nature de la volont\u00e9 r\u00e9elle des militaires de c\u00e9der le pouvoir aux civils et de tourner une page longtemps marqu\u00e9e par l\u2019instabilit\u00e9 et l\u2019incertitude.<\/p>\n\n\n\n<p><strong>Mamadouba CAMARA pour lereveil224.info<\/strong><\/p>\n","protected":false},"excerpt":{"rendered":"<p>La Guin\u00e9e-Bissau s\u2019engage officiellement sur le chemin du retour \u00e0 l\u2019ordre constitutionnel. Le chef de la junte au pouvoir, le g\u00e9n\u00e9ral Horta N\u2019Tam, a fix\u00e9 au 6 d\u00e9cembre prochain la date des \u00e9lections pr\u00e9sidentielle et l\u00e9gislatives, cens\u00e9es marquer la fin de la transition militaire et la restitution du pouvoir aux civils. L\u2019annonce a \u00e9t\u00e9 faite [&hellip;]<\/p>\n","protected":false},"author":123458,"featured_media":10400,"comment_status":"open","ping_status":"open","sticky":false,"template":"","format":"standard","meta":{"_acf_changed":false,"footnotes":""},"categories":[11,29,2],"tags":[],"class_list":["post-10398","post","type-post","status-publish","format-standard","has-post-thumbnail","hentry","category-actualite","category-continentale","category-politique"],"acf":[],"_links":{"self":[{"href":"https:\/\/lereveil224.info\/index.php\/wp-json\/wp\/v2\/posts\/10398","targetHints":{"allow":["GET"]}}],"collection":[{"href":"https:\/\/lereveil224.info\/index.php\/wp-json\/wp\/v2\/posts"}],"about":[{"href":"https:\/\/lereveil224.info\/index.php\/wp-json\/wp\/v2\/types\/post"}],"author":[{"embeddable":true,"href":"https:\/\/lereveil224.info\/index.php\/wp-json\/wp\/v2\/users\/123458"}],"replies":[{"embeddable":true,"href":"https:\/\/lereveil224.info\/index.php\/wp-json\/wp\/v2\/comments?post=10398"}],"version-history":[{"count":1,"href":"https:\/\/lereveil224.info\/index.php\/wp-json\/wp\/v2\/posts\/10398\/revisions"}],"predecessor-version":[{"id":10399,"href":"https:\/\/lereveil224.info\/index.php\/wp-json\/wp\/v2\/posts\/10398\/revisions\/10399"}],"wp:featuredmedia":[{"embeddable":true,"href":"https:\/\/lereveil224.info\/index.php\/wp-json\/wp\/v2\/media\/10400"}],"wp:attachment":[{"href":"https:\/\/lereveil224.info\/index.php\/wp-json\/wp\/v2\/media?parent=10398"}],"wp:term":[{"taxonomy":"category","embeddable":true,"href":"https:\/\/lereveil224.info\/index.php\/wp-json\/wp\/v2\/categories?post=10398"},{"taxonomy":"post_tag","embeddable":true,"href":"https:\/\/lereveil224.info\/index.php\/wp-json\/wp\/v2\/tags?post=10398"}],"curies":[{"name":"wp","href":"https:\/\/api.w.org\/{rel}","templated":true}]}}