{"id":10395,"date":"2026-01-21T07:57:34","date_gmt":"2026-01-21T07:57:34","guid":{"rendered":"https:\/\/lereveil224.info\/?p=10395"},"modified":"2026-01-21T07:57:35","modified_gmt":"2026-01-21T07:57:35","slug":"20-janvier-1973-la-nuit-ou-lafrique-sest-tire-une-balle-dans-le-pied","status":"publish","type":"post","link":"https:\/\/lereveil224.info\/index.php\/2026\/01\/21\/20-janvier-1973-la-nuit-ou-lafrique-sest-tire-une-balle-dans-le-pied\/","title":{"rendered":"20 janvier 1973 : la nuit o\u00f9 l\u2019Afrique s\u2019est tir\u00e9 une balle dans le pied"},"content":{"rendered":"\n<p>Dans une rue sombre de Conakry, la voiture d\u2019Am\u00edlcar Cabral s\u2019immobilise. Autour de lui, des visages familiers, des hommes de son propre combat. Quelques secondes suffisent pour faire basculer l\u2019histoire. Une arme se l\u00e8ve, point\u00e9e non par un soldat colonial, mais par un fr\u00e8re d\u2019armes. Cabral ne supplie pas, ne fuit pas. Il reste debout, digne, comme s\u2019il savait que cette nuit-l\u00e0 ne lui appartenait d\u00e9j\u00e0 plus. Les coups de feu claquent. Le strat\u00e8ge de la lib\u00e9ration de la Guin\u00e9e-Bissau s\u2019effondre. L\u2019Afrique vient de perdre l\u2019un de ses esprits les plus brillants, assassin\u00e9 de l\u2019int\u00e9rieur.<\/p>\n\n\n\n<p>Am\u00edlcar Cabral n\u2019\u00e9tait pas un r\u00e9volutionnaire ordinaire. Il d\u00e9rangeait parce qu\u2019il pensait. Ing\u00e9nieur agronome form\u00e9 \u00e0 Lisbonne, intellectuel rigoureux, polyglotte, il avait compris tr\u00e8s t\u00f4t que la lib\u00e9ration ne se limite pas \u00e0 chasser le colon par les armes. Pour lui, la victoire durable passait par l\u2019\u00e9ducation, la sant\u00e9, l\u2019organisation sociale et surtout par la d\u00e9colonisation des mentalit\u00e9s. \u00ab Le colonis\u00e9 doit d\u2019abord se lib\u00e9rer dans sa t\u00eate \u00bb, r\u00e9p\u00e9tait-il, convaincu que sans conscience politique, l\u2019ind\u00e9pendance devient une illusion.<\/p>\n\n\n\n<p>N\u00e9 en 1924 \u00e0 Bafat\u00e1, d\u2019origines cap-verdienne et guin\u00e9enne, Cabral incarnait d\u00e9j\u00e0 l\u2019unit\u00e9 africaine avant m\u00eame d\u2019en faire un combat politique. En 1956, il fonde le PAIGC dans la clandestinit\u00e9. Sa m\u00e9thode est patiente, presque scientifique. Avant de d\u00e9clencher la lutte arm\u00e9e, il sillonne les campagnes, \u00e9coute les paysans, analyse les r\u00e9alit\u00e9s locales. Quand la guerre commence en 1963, elle repose sur un peuple pr\u00e9par\u00e9, conscient et organis\u00e9.<\/p>\n\n\n\n<p>Dans les zones lib\u00e9r\u00e9es, Cabral ne se contente pas de parler de libert\u00e9, il la construit. Des \u00e9coles sortent de terre, des dispensaires fonctionnent, une justice locale s\u2019installe, des coop\u00e9ratives agricoles voient le jour. Pendant que d\u2019autres chefs r\u00e9volutionnaires se contentent de slogans, lui b\u00e2tit un \u00c9tat en pleine guerre. Sur la sc\u00e8ne internationale, sa parole frappe juste. Aux Nations Unies, en 1972, son discours expose sans d\u00e9tour la brutalit\u00e9 du colonialisme portugais et force le respect des grandes puissances.<\/p>\n\n\n\n<p>C\u2019est pr\u00e9cis\u00e9ment cette r\u00e9ussite qui le condamne. Incapable de le vaincre militairement ou moralement, la dictature portugaise active une autre arme, plus sournoise : la trahison. Infiltrations, manipulations, frustrations internes savamment exploit\u00e9es. Le complot se referme \u00e0 Conakry, capitale de l\u2019exil. Le 20 janvier 1973, Cabral tombe, non sous les bombes ennemies, mais sous les balles de ceux qu\u2019il avait form\u00e9s et nourris.<\/p>\n\n\n\n<p>L\u2019ironie est cruelle. Huit mois plus tard, la Guin\u00e9e-Bissau proclame son ind\u00e9pendance. Le Cap-Vert suivra en 1975. Cabral, l\u2019architecte de ces victoires, n\u2019en verra jamais l\u2019aboutissement. Son absence p\u00e8sera lourd. Sans sa rigueur morale et sa vision, les r\u00eaves d\u2019\u00e9mancipation laisseront place \u00e0 des crises, des divisions et des d\u00e9sillusions.<br>Cinquante-trois ans apr\u00e8s, son assassinat reste un avertissement. Il rappelle que les plus grandes d\u00e9faites africaines naissent souvent de l\u2019int\u00e9rieur. Aujourd\u2019hui encore, les m\u00e9thodes ont chang\u00e9, mais la logique demeure : diviser, corrompre, retourner des \u00e9lites contre leur propre peuple. Cabral n\u2019a pas \u00e9t\u00e9 vaincu, il a \u00e9t\u00e9 trahi.<\/p>\n\n\n\n<p>Relire Cabral aujourd\u2019hui, ce n\u2019est pas pleurer un martyr. C\u2019est accepter une lucidit\u00e9 d\u00e9rangeante. C\u2019est se demander qui, parmi nous, construit r\u00e9ellement et qui pr\u00e9pare les prochaines trahisons. Tant que l\u2019Afrique ne saura pas prot\u00e9ger ses penseurs et ses b\u00e2tisseurs, chaque lib\u00e9ration restera fragile, et chaque victoire, inachev\u00e9e.<\/p>\n\n\n\n<p><strong>Mamadouba CAMARA pour lereveil224.info<\/strong><\/p>\n","protected":false},"excerpt":{"rendered":"<p>Dans une rue sombre de Conakry, la voiture d\u2019Am\u00edlcar Cabral s\u2019immobilise. Autour de lui, des visages familiers, des hommes de son propre combat. Quelques secondes suffisent pour faire basculer l\u2019histoire. Une arme se l\u00e8ve, point\u00e9e non par un soldat colonial, mais par un fr\u00e8re d\u2019armes. Cabral ne supplie pas, ne fuit pas. Il reste debout, [&hellip;]<\/p>\n","protected":false},"author":123458,"featured_media":10397,"comment_status":"open","ping_status":"open","sticky":false,"template":"","format":"standard","meta":{"_acf_changed":false,"footnotes":""},"categories":[11,29,59],"tags":[],"class_list":["post-10395","post","type-post","status-publish","format-standard","has-post-thumbnail","hentry","category-actualite","category-continentale","category-nationale"],"acf":[],"_links":{"self":[{"href":"https:\/\/lereveil224.info\/index.php\/wp-json\/wp\/v2\/posts\/10395","targetHints":{"allow":["GET"]}}],"collection":[{"href":"https:\/\/lereveil224.info\/index.php\/wp-json\/wp\/v2\/posts"}],"about":[{"href":"https:\/\/lereveil224.info\/index.php\/wp-json\/wp\/v2\/types\/post"}],"author":[{"embeddable":true,"href":"https:\/\/lereveil224.info\/index.php\/wp-json\/wp\/v2\/users\/123458"}],"replies":[{"embeddable":true,"href":"https:\/\/lereveil224.info\/index.php\/wp-json\/wp\/v2\/comments?post=10395"}],"version-history":[{"count":1,"href":"https:\/\/lereveil224.info\/index.php\/wp-json\/wp\/v2\/posts\/10395\/revisions"}],"predecessor-version":[{"id":10396,"href":"https:\/\/lereveil224.info\/index.php\/wp-json\/wp\/v2\/posts\/10395\/revisions\/10396"}],"wp:featuredmedia":[{"embeddable":true,"href":"https:\/\/lereveil224.info\/index.php\/wp-json\/wp\/v2\/media\/10397"}],"wp:attachment":[{"href":"https:\/\/lereveil224.info\/index.php\/wp-json\/wp\/v2\/media?parent=10395"}],"wp:term":[{"taxonomy":"category","embeddable":true,"href":"https:\/\/lereveil224.info\/index.php\/wp-json\/wp\/v2\/categories?post=10395"},{"taxonomy":"post_tag","embeddable":true,"href":"https:\/\/lereveil224.info\/index.php\/wp-json\/wp\/v2\/tags?post=10395"}],"curies":[{"name":"wp","href":"https:\/\/api.w.org\/{rel}","templated":true}]}}