{"id":10392,"date":"2026-01-20T21:55:28","date_gmt":"2026-01-20T21:55:28","guid":{"rendered":"https:\/\/lereveil224.info\/?p=10392"},"modified":"2026-01-20T21:55:29","modified_gmt":"2026-01-20T21:55:29","slug":"tribune-la-foret-mobilisee-le-role-cle-du-general-amara-camara-pour-le-gmd-par-luniversitaire-a-o-b","status":"publish","type":"post","link":"https:\/\/lereveil224.info\/index.php\/2026\/01\/20\/tribune-la-foret-mobilisee-le-role-cle-du-general-amara-camara-pour-le-gmd-par-luniversitaire-a-o-b\/","title":{"rendered":"Tribune : La For\u00eat mobilis\u00e9e, le r\u00f4le cl\u00e9 du G\u00e9n\u00e9ral Amara CAMARA, pour le GMD (par l\u2019Universitaire A.O.B)"},"content":{"rendered":"\n<p>Dans les grandes \u00e9tapes qui ont jalonn\u00e9 le processus de refondation institutionnelle et d\u00e9mocratique de la Guin\u00e9e, du recensement administratif et biom\u00e9trique \u00e0 la campagne r\u00e9f\u00e9rendaire, puis \u00e0 la campagne pr\u00e9sidentielle, la r\u00e9gion foresti\u00e8re s\u2019est distingu\u00e9e par son sens \u00e9lev\u00e9 de l\u2019engagement r\u00e9publicain, sa discipline civique et sa mobilisation exemplaire. Derri\u00e8re cette dynamique remarquable se trouvent des femmes et des hommes d\u2019\u00c9tat dont l\u2019action, souvent men\u00e9e avec discr\u00e9tion mais toujours avec efficacit\u00e9, m\u00e9rite d\u2019\u00eatre reconnue. Le G\u00e9n\u00e9ral Amara CAMARA appartient \u00e0 cette lign\u00e9e rare de serviteurs publics pour qui la loyaut\u00e9 n\u2019est ni circonstancielle ni opportuniste, mais profond\u00e9ment ancr\u00e9e dans une \u00e9thique r\u00e9publicaine faite de discipline, de constance et de responsabilit\u00e9.<\/p>\n\n\n\n<p>Sa trajectoire r\u00e9cente, au c\u0153ur des grandes s\u00e9quences nationales, du recensement \u00e0 la mobilisation civique, de la stabilit\u00e9 institutionnelle \u00e0 l\u2019accompagnement des choix souverains du peuple port\u00e9 sur le GMD, t\u00e9moigne d\u2019un leadership de terrain, ferme dans les principes et apaisant dans l\u2019action. L\u00e0 o\u00f9 l\u2019enjeu exigeait rigueur et m\u00e9thode, il a apport\u00e9 organisation et coh\u00e9rence \u00e0 l\u2019\u00e9quipe gouvernementale des filles et fils de la For\u00eat. L\u00e0 o\u00f9 la situation appelait confiance et s\u00e9r\u00e9nit\u00e9, il a su rassurer, rassembler et orienter.<\/p>\n\n\n\n<p>La loyaut\u00e9 du G\u00e9n\u00e9ral Amara CAMARA \u00e0 Son Excellence Mamadi DOUMBOUYA s\u2019exprime avant tout dans son attachement ind\u00e9fectible \u00e0 l\u2019autorit\u00e9 de l\u2019\u00c9tat et \u00e0 la hi\u00e9rarchie r\u00e9publicaine. Elle se manifeste par une fid\u00e9lit\u00e9 sans faille aux orientations nationales, une ex\u00e9cution rigoureuse des d\u00e9cisions et un refus constant des compromis contraires \u00e0 l\u2019int\u00e9r\u00eat g\u00e9n\u00e9ral. Cette loyaut\u00e9 n\u2019est pas une posture ; elle est une pratique quotidienne, discr\u00e8te mais d\u00e9terminante, qui renforce la cr\u00e9dibilit\u00e9 de l\u2019action publique.<\/p>\n\n\n\n<p>Son leadership, quant \u00e0 lui, se distingue par une pr\u00e9sence constante, une capacit\u00e9 remarquable \u00e0 f\u00e9d\u00e9rer les \u00e9nergies et une intelligence du contexte humain et social. En homme d\u2019ordre et de dialogue, il a su conjuguer fermet\u00e9 et \u00e9coute, autorit\u00e9 et proximit\u00e9, commandement et p\u00e9dagogie. Cette alchimie, rare et pr\u00e9cieuse, a permis de cr\u00e9er un climat de confiance propice \u00e0 la mobilisation citoyenne, \u00e0 la paix sociale et \u00e0 la r\u00e9ussite des missions confi\u00e9es dans la r\u00e9gion de N\u2019Z\u00e9r\u00e9kor\u00e9.<\/p>\n\n\n\n<p>Au-del\u00e0 des r\u00e9sultats visibles, c\u2019est une posture d\u2019homme d\u2019\u00c9tat qui force le respect : sobri\u00e9t\u00e9 dans l\u2019expression, retenue dans l\u2019action, constance dans l\u2019engagement. Le G\u00e9n\u00e9ral Amara CAMARA incarne cette conception exigeante du leadership o\u00f9 le pouvoir n\u2019est jamais recherch\u00e9 pour lui-m\u00eame, mais assum\u00e9 comme une charge au service de la R\u00e9publique et de la Nation.<\/p>\n\n\n\n<p>Cette tribune se veut l\u2019expression d\u2019une reconnaissance sinc\u00e8re et d\u2019une loyaut\u00e9 assum\u00e9e envers un homme dont l\u2019action a contribu\u00e9 \u00e0 consolider l\u2019autorit\u00e9 de l\u2019\u00c9tat, \u00e0 renforcer la coh\u00e9sion nationale et \u00e0 accompagner, avec discipline et honneur, les grandes orientations du pays. Dans un contexte o\u00f9 la Guin\u00e9e avance vers la consolidation de ses institutions, le leadership du G\u00e9n\u00e9ral Amara CAMARA demeure un rep\u00e8re de stabilit\u00e9, un gage de s\u00e9rieux et une force tranquille au service de l\u2019int\u00e9r\u00eat sup\u00e9rieur de la Nation en g\u00e9n\u00e9ral et de la For\u00eat en particulier. Car l\u2019action gouvernementale dans la r\u00e9gion a \u00e9t\u00e9 marqu\u00e9e par la rigueur, la coordination et la fermet\u00e9 r\u00e9publicaine. Sa pr\u00e9sence constante, son sens de l\u2019organisation et sa capacit\u00e9 \u00e0 f\u00e9d\u00e9rer les \u00e9nergies ont contribu\u00e9 \u00e0 instaurer un climat de confiance et de s\u00e9r\u00e9nit\u00e9, avant, pendant et apr\u00e8s les \u00e9lections pr\u00e9sidentielles.<\/p>\n\n\n\n<p><strong>Par l\u2019Universitaire Alpha Oumar BALDE (A.O.B)<\/strong><\/p>\n","protected":false},"excerpt":{"rendered":"<p>Dans les grandes \u00e9tapes qui ont jalonn\u00e9 le processus de refondation institutionnelle et d\u00e9mocratique de la Guin\u00e9e, du recensement administratif et biom\u00e9trique \u00e0 la campagne r\u00e9f\u00e9rendaire, puis \u00e0 la campagne pr\u00e9sidentielle, la r\u00e9gion foresti\u00e8re s\u2019est distingu\u00e9e par son sens \u00e9lev\u00e9 de l\u2019engagement r\u00e9publicain, sa discipline civique et sa mobilisation exemplaire. Derri\u00e8re cette dynamique remarquable se [&hellip;]<\/p>\n","protected":false},"author":123458,"featured_media":10394,"comment_status":"open","ping_status":"open","sticky":false,"template":"","format":"standard","meta":{"_acf_changed":false,"footnotes":""},"categories":[46,57],"tags":[],"class_list":["post-10392","post","type-post","status-publish","format-standard","has-post-thumbnail","hentry","category-biographie-des-personnalites","category-chronique"],"acf":[],"_links":{"self":[{"href":"https:\/\/lereveil224.info\/index.php\/wp-json\/wp\/v2\/posts\/10392","targetHints":{"allow":["GET"]}}],"collection":[{"href":"https:\/\/lereveil224.info\/index.php\/wp-json\/wp\/v2\/posts"}],"about":[{"href":"https:\/\/lereveil224.info\/index.php\/wp-json\/wp\/v2\/types\/post"}],"author":[{"embeddable":true,"href":"https:\/\/lereveil224.info\/index.php\/wp-json\/wp\/v2\/users\/123458"}],"replies":[{"embeddable":true,"href":"https:\/\/lereveil224.info\/index.php\/wp-json\/wp\/v2\/comments?post=10392"}],"version-history":[{"count":1,"href":"https:\/\/lereveil224.info\/index.php\/wp-json\/wp\/v2\/posts\/10392\/revisions"}],"predecessor-version":[{"id":10393,"href":"https:\/\/lereveil224.info\/index.php\/wp-json\/wp\/v2\/posts\/10392\/revisions\/10393"}],"wp:featuredmedia":[{"embeddable":true,"href":"https:\/\/lereveil224.info\/index.php\/wp-json\/wp\/v2\/media\/10394"}],"wp:attachment":[{"href":"https:\/\/lereveil224.info\/index.php\/wp-json\/wp\/v2\/media?parent=10392"}],"wp:term":[{"taxonomy":"category","embeddable":true,"href":"https:\/\/lereveil224.info\/index.php\/wp-json\/wp\/v2\/categories?post=10392"},{"taxonomy":"post_tag","embeddable":true,"href":"https:\/\/lereveil224.info\/index.php\/wp-json\/wp\/v2\/tags?post=10392"}],"curies":[{"name":"wp","href":"https:\/\/api.w.org\/{rel}","templated":true}]}}