{"id":10382,"date":"2026-01-20T11:54:21","date_gmt":"2026-01-20T11:54:21","guid":{"rendered":"https:\/\/lereveil224.info\/?p=10382"},"modified":"2026-01-20T11:54:23","modified_gmt":"2026-01-20T11:54:23","slug":"guinee-le-gouvernement-amadou-oury-bah-bientot-dissous","status":"publish","type":"post","link":"https:\/\/lereveil224.info\/index.php\/2026\/01\/20\/guinee-le-gouvernement-amadou-oury-bah-bientot-dissous\/","title":{"rendered":"Guin\u00e9e : le gouvernement Amadou Oury Bah bient\u00f4t dissous ?"},"content":{"rendered":"\n<p>\u00c0 peine investi Pr\u00e9sident de la R\u00e9publique, le G\u00e9n\u00e9ral Mamadi Doumbouya semble d\u00e9j\u00e0 imprimer un nouveau rythme \u00e0 la gouvernance du pays. Dans les coulisses du pouvoir, des signaux forts laissent entrevoir une possible d\u00e9mission du gouvernement dirig\u00e9 par le Premier ministre Amadou Oury Bah. Une \u00e9tape politique qui, sans \u00eatre une obligation constitutionnelle, s\u2019inscrit dans une pratique d\u00e9sormais bien ancr\u00e9e dans la vie institutionnelle guin\u00e9enne.<\/p>\n\n\n\n<p>Selon des sources concordantes, une note officielle, sign\u00e9e par le ministre secr\u00e9taire g\u00e9n\u00e9ral du gouvernement, Beno\u00eet Kamano, a \u00e9t\u00e9 adress\u00e9e aux membres de l\u2019\u00e9quipe gouvernementale. Ce document leur demande de pr\u00e9parer les dossiers n\u00e9cessaires \u00e0 la passation de service, un acte administratif g\u00e9n\u00e9ralement associ\u00e9 \u00e0 un d\u00e9part imminent ou \u00e0 un remaniement en profondeur. Si aucun d\u00e9lai pr\u00e9cis n\u2019a \u00e9t\u00e9 mentionn\u00e9, l\u2019instruction n\u2019en demeure pas moins r\u00e9v\u00e9latrice d\u2019un changement attendu.<\/p>\n\n\n\n<p>Les m\u00eames sources indiquent que cette orientation n\u2019est pas nouvelle. Lors du dernier Conseil interminist\u00e9riel tenu la semaine pr\u00e9c\u00e9dente, le Premier ministre Amadou Oury Bah aurait d\u00e9j\u00e0 demand\u00e9 \u00e0 ses ministres d\u2019anticiper cette \u00e9ventualit\u00e9. Une consigne qui, aujourd\u2019hui, prend une r\u00e9sonance particuli\u00e8re au lendemain de l\u2019investiture pr\u00e9sidentielle, moment cl\u00e9 dans la vie politique d\u2019un pays.<\/p>\n\n\n\n<p>Sur le plan juridique, il convient de rappeler que la Constitution guin\u00e9enne n\u2019impose nullement la d\u00e9mission du gouvernement apr\u00e8s l\u2019\u00e9lection du pr\u00e9sident de la R\u00e9publique. Le texte fondamental pr\u00e9voit une continuit\u00e9 de l\u2019\u00c9tat et des institutions, ind\u00e9pendamment des \u00e9ch\u00e9ances \u00e9lectorales. Toutefois, dans la pratique politique, aussi bien en Guin\u00e9e que dans de nombreux pays africains et ailleurs, la d\u00e9mission du gouvernement apr\u00e8s une investiture pr\u00e9sidentielle est devenue une sorte de tradition non \u00e9crite.<\/p>\n\n\n\n<p>Cette pratique r\u00e9pond \u00e0 une logique politique claire. Elle permet au chef de l\u2019\u00c9tat fra\u00eechement investi de r\u00e9affirmer son orientation strat\u00e9gique, de red\u00e9finir ss priorit\u00e9s et, surtout, de s\u2019entourer d\u2019une \u00e9quipe gouvernementale totalement en phase avec sa vision. Dans un contexte de transition et de refondation institutionnelle, comme celui que traverse la Guin\u00e9e, cette coh\u00e9rence entre le Pr\u00e9sident et son gouvernement est souvent per\u00e7ue comme un gage d\u2019efficacit\u00e9 et de stabilit\u00e9.<\/p>\n\n\n\n<p>Pour le gouvernement Amadou Oury Bah, cette \u00e9ventuelle d\u00e9mission ne serait donc pas n\u00e9cessairement un d\u00e9saveu, mais plut\u00f4t une \u00e9tape normale dans le cycle politique. Elle ouvrirait la voie \u00e0 la formation d\u2019une nouvelle \u00e9quipe, susceptible d\u2019incarner le nouveau cap que le Pr\u00e9sident Mamadi Doumbouya entend donner au pays apr\u00e8s son investiture.<\/p>\n\n\n\n<p>En attendant une annonce officielle, le climat politique reste marqu\u00e9 par l\u2019attente et les sp\u00e9culations. Les observateurs scrutent attentivement les prochains mouvements au sommet de l\u2019\u00c9tat, conscients que les d\u00e9cisions \u00e0 venir pourraient redessiner l\u2019architecture du pouvoir ex\u00e9cutif. Une chose est certaine : l\u2019apr\u00e8s-investiture s\u2019annonce comme un moment d\u00e9terminant pour la Guin\u00e9e, entre continuit\u00e9 institutionnelle et renouveau politique.<\/p>\n\n\n\n<p><strong>Mamadouba CAMARA <\/strong>&#8211; R\u00e9dac&rsquo;Chef &#8211; lereveil224.info<\/p>\n","protected":false},"excerpt":{"rendered":"<p>\u00c0 peine investi Pr\u00e9sident de la R\u00e9publique, le G\u00e9n\u00e9ral Mamadi Doumbouya semble d\u00e9j\u00e0 imprimer un nouveau rythme \u00e0 la gouvernance du pays. Dans les coulisses du pouvoir, des signaux forts laissent entrevoir une possible d\u00e9mission du gouvernement dirig\u00e9 par le Premier ministre Amadou Oury Bah. Une \u00e9tape politique qui, sans \u00eatre une obligation constitutionnelle, s\u2019inscrit [&hellip;]<\/p>\n","protected":false},"author":123458,"featured_media":10385,"comment_status":"open","ping_status":"open","sticky":false,"template":"","format":"standard","meta":{"_acf_changed":false,"footnotes":""},"categories":[11,59,2],"tags":[],"class_list":["post-10382","post","type-post","status-publish","format-standard","has-post-thumbnail","hentry","category-actualite","category-nationale","category-politique"],"acf":[],"_links":{"self":[{"href":"https:\/\/lereveil224.info\/index.php\/wp-json\/wp\/v2\/posts\/10382","targetHints":{"allow":["GET"]}}],"collection":[{"href":"https:\/\/lereveil224.info\/index.php\/wp-json\/wp\/v2\/posts"}],"about":[{"href":"https:\/\/lereveil224.info\/index.php\/wp-json\/wp\/v2\/types\/post"}],"author":[{"embeddable":true,"href":"https:\/\/lereveil224.info\/index.php\/wp-json\/wp\/v2\/users\/123458"}],"replies":[{"embeddable":true,"href":"https:\/\/lereveil224.info\/index.php\/wp-json\/wp\/v2\/comments?post=10382"}],"version-history":[{"count":3,"href":"https:\/\/lereveil224.info\/index.php\/wp-json\/wp\/v2\/posts\/10382\/revisions"}],"predecessor-version":[{"id":10386,"href":"https:\/\/lereveil224.info\/index.php\/wp-json\/wp\/v2\/posts\/10382\/revisions\/10386"}],"wp:featuredmedia":[{"embeddable":true,"href":"https:\/\/lereveil224.info\/index.php\/wp-json\/wp\/v2\/media\/10385"}],"wp:attachment":[{"href":"https:\/\/lereveil224.info\/index.php\/wp-json\/wp\/v2\/media?parent=10382"}],"wp:term":[{"taxonomy":"category","embeddable":true,"href":"https:\/\/lereveil224.info\/index.php\/wp-json\/wp\/v2\/categories?post=10382"},{"taxonomy":"post_tag","embeddable":true,"href":"https:\/\/lereveil224.info\/index.php\/wp-json\/wp\/v2\/tags?post=10382"}],"curies":[{"name":"wp","href":"https:\/\/api.w.org\/{rel}","templated":true}]}}