{"id":10372,"date":"2026-01-19T19:06:04","date_gmt":"2026-01-19T19:06:04","guid":{"rendered":"https:\/\/lereveil224.info\/?p=10372"},"modified":"2026-01-19T19:06:05","modified_gmt":"2026-01-19T19:06:05","slug":"interdiction-de-jeune-afrique-au-mali-une-decision-controversee-qui-ravive-le-debat-sur-la-liberte-de-la-presse","status":"publish","type":"post","link":"https:\/\/lereveil224.info\/index.php\/2026\/01\/19\/interdiction-de-jeune-afrique-au-mali-une-decision-controversee-qui-ravive-le-debat-sur-la-liberte-de-la-presse\/","title":{"rendered":"Interdiction de Jeune Afrique au Mali : une d\u00e9cision controvers\u00e9e qui ravive le d\u00e9bat sur la libert\u00e9 de la presse"},"content":{"rendered":"\n<p>Le gouvernement malien a annonc\u00e9, dans un communiqu\u00e9 publi\u00e9 le 16 janvier, sa d\u00e9cision d\u2019interdire la circulation, la distribution et la vente du journal Jeune Afrique sur l\u2019ensemble du territoire national. Cette mesure, qui intervient dans un contexte politique et s\u00e9curitaire d\u00e9j\u00e0 tendu, a imm\u00e9diatement suscit\u00e9 de vives r\u00e9actions au sein de l\u2019opinion publique, des milieux m\u00e9diatiques et des d\u00e9fenseurs de la libert\u00e9 de la presse, aussi bien au Mali qu\u2019\u00e0 l\u2019international.<\/p>\n\n\n\n<p>Selon les autorit\u00e9s maliennes, cette d\u00e9cision s\u2019inscrit dans une volont\u00e9 de pr\u00e9server l\u2019ordre public et de lutter contre ce qu\u2019elles consid\u00e8rent comme des contenus pr\u00e9judiciables \u00e0 la stabilit\u00e9 du pays. Toutefois, le communiqu\u00e9 gouvernemental reste peu d\u00e9taill\u00e9 sur les griefs pr\u00e9cis reproch\u00e9s au journal panafricain. Cette absence d\u2019arguments clairement \u00e9tay\u00e9s alimente les interrogations et renforce le sentiment d\u2019une mesure davantage politique que fond\u00e9e sur des bases juridiques solides.<\/p>\n\n\n\n<p>De son c\u00f4t\u00e9, Jeune Afrique a exprim\u00e9 son profond regret face \u00e0 ce qu\u2019il qualifie de d\u00e9cision \u00ab infond\u00e9e \u00bb. Le journal estime que cette interdiction ne contribue en rien \u00e0 la r\u00e9solution des d\u00e9fis majeurs auxquels le Mali est confront\u00e9, notamment la crise s\u00e9curitaire, les difficult\u00e9s \u00e9conomiques et les tensions sociales. Au contraire, selon la r\u00e9daction, museler un m\u00e9dia reconnu pour ses analyses et ses enqu\u00eates risque d\u2019aggraver la situation en r\u00e9duisant l\u2019espace de d\u00e9bat, d\u2019information et de critique constructive, indispensables \u00e0 toute soci\u00e9t\u00e9 en qu\u00eate de stabilit\u00e9 et de progr\u00e8s.<\/p>\n\n\n\n<p>Cette interdiction relance ainsi le d\u00e9bat sur la libert\u00e9 de la presse au Mali, un pays qui a longtemps \u00e9t\u00e9 cit\u00e9 comme un exemple relatif de pluralisme m\u00e9diatique en Afrique de l\u2019Ouest. Depuis quelques ann\u00e9es, les relations entre les autorit\u00e9s de transition et certains m\u00e9dias, nationaux comme internationaux, se sont progressivement durcies. Des suspensions de cha\u00eenes \u00e9trang\u00e8res, des restrictions d\u2019acc\u00e8s \u00e0 l\u2019information et des pressions sur les journalistes ont \u00e9t\u00e9 d\u00e9nonc\u00e9es par plusieurs organisations de d\u00e9fense des droits humains et de la libert\u00e9 d\u2019expression.<\/p>\n\n\n\n<p>Pour de nombreux observateurs, l\u2019interdiction de Jeune Afrique pourrait avoir des cons\u00e9quences au-del\u00e0 des fronti\u00e8res maliennes. En ciblant un m\u00e9dia panafricain largement diffus\u00e9 et lu sur le continent, le Mali envoie un signal pr\u00e9occupant sur sa tol\u00e9rance \u00e0 la critique et \u00e0 la diversit\u00e9 des opinions. Cette d\u00e9cision pourrait \u00e9galement affecter l\u2019image du pays aupr\u00e8s de ses partenaires internationaux, \u00e0 un moment o\u00f9 le dialogue et la coop\u00e9ration restent essentiels pour faire face aux multiples crises.<\/p>\n\n\n\n<p>Dans les rues de Bamako comme sur les r\u00e9seaux sociaux, les avis sont partag\u00e9s. Si certains soutiennent la souverainet\u00e9 de l\u2019\u00c9tat et son droit \u00e0 r\u00e9glementer l\u2019espace m\u00e9diatique, d\u2019autres estiment qu\u2019une telle interdiction est contre-productive et contraire aux principes d\u00e9mocratiques. Beaucoup appellent \u00e0 une reconsid\u00e9ration de la mesure, plaidant pour le dialogue plut\u00f4t que pour la censure.<\/p>\n\n\n\n<p>En d\u00e9finitive, l\u2019affaire Jeune Afrique d\u00e9passe le simple cadre d\u2019un journal interdit. Elle pose une question fondamentale : comment concilier souverainet\u00e9 nationale, s\u00e9curit\u00e9 et respect des libert\u00e9s fondamentales, notamment celle d\u2019informer et d\u2019\u00eatre inform\u00e9 ? Une question \u00e0 laquelle le Mali, comme de nombreux pays africains, devra r\u00e9pondre s\u2019il souhaite b\u00e2tir un avenir fond\u00e9 sur la confiance, la transparence et la coh\u00e9sion sociale.<\/p>\n\n\n\n<p><strong>Mamadouba CAMARA pour lereveil224.info<\/strong><\/p>\n","protected":false},"excerpt":{"rendered":"<p>Le gouvernement malien a annonc\u00e9, dans un communiqu\u00e9 publi\u00e9 le 16 janvier, sa d\u00e9cision d\u2019interdire la circulation, la distribution et la vente du journal Jeune Afrique sur l\u2019ensemble du territoire national. Cette mesure, qui intervient dans un contexte politique et s\u00e9curitaire d\u00e9j\u00e0 tendu, a imm\u00e9diatement suscit\u00e9 de vives r\u00e9actions au sein de l\u2019opinion publique, des [&hellip;]<\/p>\n","protected":false},"author":123458,"featured_media":10374,"comment_status":"open","ping_status":"open","sticky":false,"template":"","format":"standard","meta":{"_acf_changed":false,"footnotes":""},"categories":[11,29],"tags":[],"class_list":["post-10372","post","type-post","status-publish","format-standard","has-post-thumbnail","hentry","category-actualite","category-continentale"],"acf":[],"_links":{"self":[{"href":"https:\/\/lereveil224.info\/index.php\/wp-json\/wp\/v2\/posts\/10372","targetHints":{"allow":["GET"]}}],"collection":[{"href":"https:\/\/lereveil224.info\/index.php\/wp-json\/wp\/v2\/posts"}],"about":[{"href":"https:\/\/lereveil224.info\/index.php\/wp-json\/wp\/v2\/types\/post"}],"author":[{"embeddable":true,"href":"https:\/\/lereveil224.info\/index.php\/wp-json\/wp\/v2\/users\/123458"}],"replies":[{"embeddable":true,"href":"https:\/\/lereveil224.info\/index.php\/wp-json\/wp\/v2\/comments?post=10372"}],"version-history":[{"count":1,"href":"https:\/\/lereveil224.info\/index.php\/wp-json\/wp\/v2\/posts\/10372\/revisions"}],"predecessor-version":[{"id":10373,"href":"https:\/\/lereveil224.info\/index.php\/wp-json\/wp\/v2\/posts\/10372\/revisions\/10373"}],"wp:featuredmedia":[{"embeddable":true,"href":"https:\/\/lereveil224.info\/index.php\/wp-json\/wp\/v2\/media\/10374"}],"wp:attachment":[{"href":"https:\/\/lereveil224.info\/index.php\/wp-json\/wp\/v2\/media?parent=10372"}],"wp:term":[{"taxonomy":"category","embeddable":true,"href":"https:\/\/lereveil224.info\/index.php\/wp-json\/wp\/v2\/categories?post=10372"},{"taxonomy":"post_tag","embeddable":true,"href":"https:\/\/lereveil224.info\/index.php\/wp-json\/wp\/v2\/tags?post=10372"}],"curies":[{"name":"wp","href":"https:\/\/api.w.org\/{rel}","templated":true}]}}