{"id":10360,"date":"2026-01-18T07:09:10","date_gmt":"2026-01-18T07:09:10","guid":{"rendered":"https:\/\/lereveil224.info\/?p=10360"},"modified":"2026-01-18T07:09:11","modified_gmt":"2026-01-18T07:09:11","slug":"mamadi-doumbouya-la-legitimite-populaire-au-service-dune-responsabilite-historique-par-luniversitaire-alpha-oumar-balde","status":"publish","type":"post","link":"https:\/\/lereveil224.info\/index.php\/2026\/01\/18\/mamadi-doumbouya-la-legitimite-populaire-au-service-dune-responsabilite-historique-par-luniversitaire-alpha-oumar-balde\/","title":{"rendered":"Mamadi DOUMBOUYA : La l\u00e9gitimit\u00e9 populaire au service d\u2019une responsabilit\u00e9 historique (Par l\u2019Universitaire Alpha Oumar BALDE)"},"content":{"rendered":"\n<p>Dans un monde en proie aux incertitudes, o\u00f9 l\u2019exercice du pouvoir c\u00e8de trop souvent \u00e0 la facilit\u00e9 ou \u00e0 l\u2019int\u00e9r\u00eat personnel, le Pr\u00e9sident Mamadi DOUMBOUYA s\u2019est impos\u00e9 par une autre voie : celle de la discipline r\u00e9publicaine, du sacrifice personnel et de la primaut\u00e9 de l\u2019int\u00e9r\u00eat g\u00e9n\u00e9ral. D\u00e8s les premi\u00e8res heures, le ton \u00e9tait donn\u00e9 : servir, et non se servir ; reconstruire, et non perp\u00e9tuer ; rassembler, et non diviser.<\/p>\n\n\n\n<p>L\u2019histoire contemporaine de la Guin\u00e9e s\u2019est \u00e9crite avec force et clart\u00e9 le 28 d\u00e9cembre 2025, lorsque le peuple souverain, dans un \u00e9lan d\u00e9mocratique sans ambigu\u00eft\u00e9, a port\u00e9 Son Excellence Mamadi DOUMBOUYA \u00e0 la magistrature supr\u00eame avec pr\u00e8s de 87 % des suffrages exprim\u00e9s. Cette adh\u00e9sion massive, confirm\u00e9e par son investiture au stade G\u00e9n\u00e9ral Lansana CONT\u00c9 de Nongo, ce 17 janvier 2026, consacre bien plus qu\u2019une victoire \u00e9lectorale : elle scelle un pacte moral entre un homme et une Nation en qu\u00eate de stabilit\u00e9, de justice, de paix et de renouveau.<\/p>\n\n\n\n<p>Pr\u00e9sident \u00e9lu, Son Excellence Mamadi DOUMBOUYA incarne une g\u00e9n\u00e9ration de dirigeants pour qui le pouvoir n\u2019est ni une r\u00e9compense ni un privil\u00e8ge personnel, mais une charge morale, une responsabilit\u00e9 historique assum\u00e9e devant le peuple et devant Dieu. Cette conception exigeante du leadership s\u2019est traduite, d\u00e8s les premiers instants, par une posture d\u2019\u00c9tat empreinte de fermet\u00e9 et de sens du devoir. Gouverner, pour lui, signifie d\u2019abord servir, prot\u00e9ger l\u2019int\u00e9r\u00eat g\u00e9n\u00e9ral et pr\u00e9server la dignit\u00e9 du citoyen.<\/p>\n\n\n\n<p>L\u2019engagement constant du Pr\u00e9sident Mamadi, en faveur de la justice et de l\u2019\u00e9quit\u00e9 sociale, r\u00e9pond \u00e0 une attente profonde des Guin\u00e9ennes et des Guin\u00e9ens : celle d\u2019un \u00c9tat impartial, o\u00f9 la loi s\u2019applique \u00e0 tous sans distinction. La discipline dans la gestion publique, \u00e9rig\u00e9e en principe cardinal, tourne la page des pratiques d\u2019approximation et de complaisance, au profit de la rigueur, de la transparence et de la responsabilit\u00e9. \u00c0 cela s\u2019ajoute une volont\u00e9 affirm\u00e9e de consolider une paix durable, fond\u00e9e sur le dialogue, la coh\u00e9sion nationale et le respect mutuel entre les composantes de la soci\u00e9t\u00e9 de notre ch\u00e8re Guin\u00e9e.<\/p>\n\n\n\n<p>\u00c0 travers ces r\u00e9formes engag\u00e9es, la restauration de l\u2019autorit\u00e9 de l\u2019\u00c9tat, la valorisation du travail, du m\u00e9rite et de la loyaut\u00e9 r\u00e9publicaine, le Pr\u00e9sident a trac\u00e9 un chemin exigeant mais n\u00e9cessaire : celui d\u2019une Guin\u00e9e debout, respect\u00e9e et tourn\u00e9e vers l\u2019avenir. Ce chemin requiert courage, constance et renoncement personnel, qualit\u00e9s que le Pr\u00e9sident Mamadi DOUMBOUYA n\u2019a cess\u00e9 de d\u00e9montrer.<\/p>\n\n\n\n<p>Cette vision n\u2019est pas le fruit du hasard. Elle proc\u00e8de d\u2019une compr\u00e9hension lucide des exigences de l\u2019Histoire et des aspirations populaires : b\u00e2tir des institutions cr\u00e9dibles, restaurer la confiance entre l\u2019\u00c9tat et les citoyens, promouvoir le m\u00e9rite et le travail, et inscrire la Guin\u00e9e sur une trajectoire de d\u00e9veloppement souverain et inclusif. En pla\u00e7ant l\u2019int\u00e9r\u00eat g\u00e9n\u00e9ral au-dessus des calculs partisans, le Pr\u00e9sident DOUMBOUYA affirme une autorit\u00e9 qui se veut \u00e0 la fois ferme dans les principes et ouverte \u00e0 l\u2019\u00e9coute.<\/p>\n\n\n\n<p>Au-del\u00e0 des discours, ce sont les actes qui donnent corps \u00e0 cette ambition. La l\u00e9gitimit\u00e9 issue des urnes impose une obligation de r\u00e9sultats, une constance dans l\u2019effort et un sens aigu de la reddition des comptes. C\u2019est \u00e0 l\u2019aube de l\u2019ouverture de cette nouvelle page de l\u2019histoire de notre Guin\u00e9e que se mesure la grandeur d\u2019un homme d\u2019\u00c9tat : dans sa capacit\u00e9 \u00e0 transformer la confiance populaire en progr\u00e8s tangible et en esp\u00e9rance partag\u00e9e.<\/p>\n\n\n\n<p>Le patriotisme du Pr\u00e9sident Mamadi DOUMBOUYA n\u2019est ni un slogan ni une posture : il est un engagement quotidien, parfois silencieux, souvent ferme mais toujours orient\u00e9 vers la grandeur de la Nation. L\u2019Histoire jugera les actes, mais d\u00e9j\u00e0, le peuple reconna\u00eet en cet homme un dirigeant anim\u00e9 par la conviction que la Guin\u00e9e m\u00e9rite le meilleur, et que ce meilleur passe par la responsabilit\u00e9, l\u2019int\u00e9grit\u00e9 et le sens du devoir.<\/p>\n\n\n\n<p>Je suis convaincu que Mamadi DOUMBOUYA s\u2019inscrira dans l\u2019histoire de la Guin\u00e9e comme un Pr\u00e9sident investi d\u2019une mission claire : honorer la volont\u00e9 du peuple, assumer le poids de la responsabilit\u00e9 nationale et conduire le pays vers un avenir de justice, de paix et de dignit\u00e9. L\u2019Histoire observe, le peuple esp\u00e8re, et la R\u00e9publique avance, avec Son Excellence Mamadi DOUMBOUYA.<\/p>\n\n\n\n<p><strong>Par l\u2019Universitaire Alpha Oumar BALDE (A.O.B)<\/strong><\/p>\n","protected":false},"excerpt":{"rendered":"<p>Dans un monde en proie aux incertitudes, o\u00f9 l\u2019exercice du pouvoir c\u00e8de trop souvent \u00e0 la facilit\u00e9 ou \u00e0 l\u2019int\u00e9r\u00eat personnel, le Pr\u00e9sident Mamadi DOUMBOUYA s\u2019est impos\u00e9 par une autre voie : celle de la discipline r\u00e9publicaine, du sacrifice personnel et de la primaut\u00e9 de l\u2019int\u00e9r\u00eat g\u00e9n\u00e9ral. D\u00e8s les premi\u00e8res heures, le ton \u00e9tait donn\u00e9 [&hellip;]<\/p>\n","protected":false},"author":123458,"featured_media":10362,"comment_status":"open","ping_status":"open","sticky":false,"template":"","format":"standard","meta":{"_acf_changed":false,"footnotes":""},"categories":[11,57,59,2],"tags":[],"class_list":["post-10360","post","type-post","status-publish","format-standard","has-post-thumbnail","hentry","category-actualite","category-chronique","category-nationale","category-politique"],"acf":[],"_links":{"self":[{"href":"https:\/\/lereveil224.info\/index.php\/wp-json\/wp\/v2\/posts\/10360","targetHints":{"allow":["GET"]}}],"collection":[{"href":"https:\/\/lereveil224.info\/index.php\/wp-json\/wp\/v2\/posts"}],"about":[{"href":"https:\/\/lereveil224.info\/index.php\/wp-json\/wp\/v2\/types\/post"}],"author":[{"embeddable":true,"href":"https:\/\/lereveil224.info\/index.php\/wp-json\/wp\/v2\/users\/123458"}],"replies":[{"embeddable":true,"href":"https:\/\/lereveil224.info\/index.php\/wp-json\/wp\/v2\/comments?post=10360"}],"version-history":[{"count":1,"href":"https:\/\/lereveil224.info\/index.php\/wp-json\/wp\/v2\/posts\/10360\/revisions"}],"predecessor-version":[{"id":10361,"href":"https:\/\/lereveil224.info\/index.php\/wp-json\/wp\/v2\/posts\/10360\/revisions\/10361"}],"wp:featuredmedia":[{"embeddable":true,"href":"https:\/\/lereveil224.info\/index.php\/wp-json\/wp\/v2\/media\/10362"}],"wp:attachment":[{"href":"https:\/\/lereveil224.info\/index.php\/wp-json\/wp\/v2\/media?parent=10360"}],"wp:term":[{"taxonomy":"category","embeddable":true,"href":"https:\/\/lereveil224.info\/index.php\/wp-json\/wp\/v2\/categories?post=10360"},{"taxonomy":"post_tag","embeddable":true,"href":"https:\/\/lereveil224.info\/index.php\/wp-json\/wp\/v2\/tags?post=10360"}],"curies":[{"name":"wp","href":"https:\/\/api.w.org\/{rel}","templated":true}]}}