{"id":10354,"date":"2026-01-17T13:24:51","date_gmt":"2026-01-17T13:24:51","guid":{"rendered":"https:\/\/lereveil224.info\/?p=10354"},"modified":"2026-01-17T13:24:52","modified_gmt":"2026-01-17T13:24:52","slug":"ouganda-yoweri-museveni-reconduit-pour-un-septieme-mandat","status":"publish","type":"post","link":"https:\/\/lereveil224.info\/index.php\/2026\/01\/17\/ouganda-yoweri-museveni-reconduit-pour-un-septieme-mandat\/","title":{"rendered":"Ouganda : Yoweri Museveni reconduit pour un septi\u00e8me mandat"},"content":{"rendered":"\n<p>La Commission \u00e9lectorale ougandaise a annonc\u00e9 ce samedi 17 janvier la r\u00e9\u00e9lection du pr\u00e9sident sortant, Yoweri Museveni, \u00e0 l\u2019issue du scrutin pr\u00e9sidentiel organis\u00e9 le 15 janvier dernier. \u00c0 80 ans, le chef de l\u2019\u00c9tat d\u00e9croche ainsi un septi\u00e8me mandat cons\u00e9cutif, prolongeant un r\u00e8gne entam\u00e9 en 1986.<\/p>\n\n\n\n<p>Selon les r\u00e9sultats officiels, Yoweri Museveni est arriv\u00e9 largement en t\u00eate face \u00e0 ses adversaires. La Commission \u00e9lectorale affirme que le vote s\u2019est globalement d\u00e9roul\u00e9 dans le calme, malgr\u00e9 quelques incidents isol\u00e9s signal\u00e9s dans certaines localit\u00e9s lors des op\u00e9rations \u00e9lectorales.<\/p>\n\n\n\n<p>L\u2019annonce des r\u00e9sultats a \u00e9t\u00e9 suivie de sc\u00e8nes de r\u00e9jouissance dans plusieurs r\u00e9gions favorables au pouvoir, notamment \u00e0 Kampala, o\u00f9 des partisans du Mouvement de r\u00e9sistance nationale ont salu\u00e9 une victoire synonyme, selon eux, de stabilit\u00e9 et de continuit\u00e9 politique.<\/p>\n\n\n\n<p>De son c\u00f4t\u00e9, l\u2019opposition conteste d\u00e9j\u00e0 le scrutin, d\u00e9non\u00e7ant des irr\u00e9gularit\u00e9s et un processus jug\u00e9 in\u00e9quitable. Elle n\u2019exclut pas des recours l\u00e9gaux, alors que l\u2019Ouganda s\u2019appr\u00eate \u00e0 ouvrir un nouveau chapitre politique sous la direction d\u2019un pr\u00e9sident parmi les plus anciens du continent.<\/p>\n\n\n\n<p><strong>Mamadouba CAMARA<\/strong><\/p>\n","protected":false},"excerpt":{"rendered":"<p>La Commission \u00e9lectorale ougandaise a annonc\u00e9 ce samedi 17 janvier la r\u00e9\u00e9lection du pr\u00e9sident sortant, Yoweri Museveni, \u00e0 l\u2019issue du scrutin pr\u00e9sidentiel organis\u00e9 le 15 janvier dernier. \u00c0 80 ans, le chef de l\u2019\u00c9tat d\u00e9croche ainsi un septi\u00e8me mandat cons\u00e9cutif, prolongeant un r\u00e8gne entam\u00e9 en 1986. Selon les r\u00e9sultats officiels, Yoweri Museveni est arriv\u00e9 largement [&hellip;]<\/p>\n","protected":false},"author":123458,"featured_media":10356,"comment_status":"open","ping_status":"open","sticky":false,"template":"","format":"standard","meta":{"_acf_changed":false,"footnotes":""},"categories":[11,29,2],"tags":[],"class_list":["post-10354","post","type-post","status-publish","format-standard","has-post-thumbnail","hentry","category-actualite","category-continentale","category-politique"],"acf":[],"_links":{"self":[{"href":"https:\/\/lereveil224.info\/index.php\/wp-json\/wp\/v2\/posts\/10354","targetHints":{"allow":["GET"]}}],"collection":[{"href":"https:\/\/lereveil224.info\/index.php\/wp-json\/wp\/v2\/posts"}],"about":[{"href":"https:\/\/lereveil224.info\/index.php\/wp-json\/wp\/v2\/types\/post"}],"author":[{"embeddable":true,"href":"https:\/\/lereveil224.info\/index.php\/wp-json\/wp\/v2\/users\/123458"}],"replies":[{"embeddable":true,"href":"https:\/\/lereveil224.info\/index.php\/wp-json\/wp\/v2\/comments?post=10354"}],"version-history":[{"count":1,"href":"https:\/\/lereveil224.info\/index.php\/wp-json\/wp\/v2\/posts\/10354\/revisions"}],"predecessor-version":[{"id":10355,"href":"https:\/\/lereveil224.info\/index.php\/wp-json\/wp\/v2\/posts\/10354\/revisions\/10355"}],"wp:featuredmedia":[{"embeddable":true,"href":"https:\/\/lereveil224.info\/index.php\/wp-json\/wp\/v2\/media\/10356"}],"wp:attachment":[{"href":"https:\/\/lereveil224.info\/index.php\/wp-json\/wp\/v2\/media?parent=10354"}],"wp:term":[{"taxonomy":"category","embeddable":true,"href":"https:\/\/lereveil224.info\/index.php\/wp-json\/wp\/v2\/categories?post=10354"},{"taxonomy":"post_tag","embeddable":true,"href":"https:\/\/lereveil224.info\/index.php\/wp-json\/wp\/v2\/tags?post=10354"}],"curies":[{"name":"wp","href":"https:\/\/api.w.org\/{rel}","templated":true}]}}